{"id":60,"count":3,"description":"<h2 style=\"margin: 0px 0px 0.5em; padding: 0px; color: #393939; text-transform: none; text-indent: 0px; letter-spacing: normal; font-family: Georgia, 'Times New Roman', Times, serif; font-size: 17.14px; font-style: normal; word-spacing: 0px; white-space: normal; orphans: 2; widows: 2; background-color: #e6e8e7; font-variant-ligatures: normal; font-variant-caps: normal; -webkit-text-stroke-width: 0px; text-decoration-style: initial; text-decoration-color: initial;\"><span style=\"vertical-align: inherit; background-color: #ffffff;\"><span style=\"vertical-align: inherit;\">Qualitat, singularitat i vincle amb el territori<\/span><\/span><\/h2>\r\n<h2 style=\"margin: 0px 0px 0.5em; padding: 0px; color: #393939; text-transform: none; text-indent: 0px; letter-spacing: normal; font-family: Georgia, 'Times New Roman', Times, serif; font-size: 17.14px; font-style: normal; word-spacing: 0px; white-space: normal; orphans: 2; widows: 2; background-color: #e6e8e7; font-variant-ligatures: normal; font-variant-caps: normal; -webkit-text-stroke-width: 0px; text-decoration-style: initial; text-decoration-color: initial;\"><span style=\"vertical-align: inherit; background-color: #ffffff;\"><span style=\"vertical-align: inherit;\"><span style=\"vertical-align: inherit; background-color: #ffffff;\"><span style=\"vertical-align: inherit;\">Des de la seva creaci\u00f3 a finals de 2001, la DO Montsant i els seus cellers han hagut d'enfrontar a un gran repte: fer-se un lloc en el competitiu i exigent mercat del vi.\u00a0<\/span><span style=\"vertical-align: inherit;\">Ha costat i costa perqu\u00e8 \u00e9s un repte constant, que ha d'encarar mantenint-se fidel a una filosofia.\u00a0<\/span><span style=\"vertical-align: inherit;\">I en el territori Montsant, amb 1.900 hect\u00e0rees i una producci\u00f3 global de 5 milions d'ampolles, som fidels a la qualitat i la singularitat del producte, i al seu vincle amb el territori.<\/span><\/span><\/span><\/span><\/h2>\r\n<h2 style=\"margin: 0px 0px 0.5em; padding: 0px; color: #393939; text-transform: none; text-indent: 0px; letter-spacing: normal; font-family: Georgia, 'Times New Roman', Times, serif; font-size: 17.14px; font-style: normal; word-spacing: 0px; white-space: normal; orphans: 2; widows: 2; background-color: #e6e8e7; font-variant-ligatures: normal; font-variant-caps: normal; -webkit-text-stroke-width: 0px; text-decoration-style: initial; text-decoration-color: initial;\"><span style=\"vertical-align: inherit; background-color: #ffffff;\"><span style=\"vertical-align: inherit;\"><span style=\"vertical-align: inherit; background-color: #ffffff;\"><span style=\"vertical-align: inherit;\"><span style=\"vertical-align: inherit;\"><span style=\"vertical-align: inherit; background-color: #ffffff;\">La llavor d'aquesta diferenciaci\u00f3 \u00e9s l'aposta per les varietats aut\u00f2ctones.\u00a0<\/span><span style=\"vertical-align: inherit;\"><span style=\"background-color: #ffffff;\">La garnatxa i la carinyena, en els s\u00f2ls de Montsant, juntament amb el clima i la bona feina de viticultors i cellers, acaben configurant uns vins excel\u00b7lents<\/span>.<\/span><\/span><\/span><\/span><\/span><\/span><\/h2>","link":"https:\/\/www.consigel.com\/ca\/categoria-producte\/vinos-y-licores\/do-montsant\/","name":"D.O. Montsant","slug":"do-montsant","taxonomy":"product_cat","parent":19,"meta":[],"yoast_head":"<!-- This site is optimized with the Yoast SEO plugin v23.3 - https:\/\/yoast.com\/wordpress\/plugins\/seo\/ -->\n<title>D.O. Montsant archivos - Consigel<\/title>\n<meta name=\"robots\" content=\"index, follow, max-snippet:-1, max-image-preview:large, max-video-preview:-1\" \/>\n<link rel=\"canonical\" href=\"https:\/\/www.consigel.com\/ca\/categoria-producte\/vinos-y-licores\/do-montsant\/\" \/>\n<meta property=\"og:locale\" content=\"ca_ES\" \/>\n<meta property=\"og:type\" content=\"article\" \/>\n<meta property=\"og:title\" content=\"D.O. Montsant archivos - Consigel\" \/>\n<meta property=\"og:description\" content=\"Qualitat, singularitat i vincle amb el territori Des de la seva creaci\u00f3 a finals de 2001, la DO Montsant i els seus cellers han hagut d&#8217;enfrontar a un gran repte: fer-se un lloc en el competitiu i exigent mercat del vi.\u00a0Ha costat i costa perqu\u00e8 \u00e9s un repte constant, que ha d&#8217;encarar mantenint-se fidel a una filosofia.\u00a0I en el territori Montsant, amb 1.900 hect\u00e0rees i una producci\u00f3 global de 5 milions d&#8217;ampolles, som fidels a la qualitat i la singularitat del producte, i al seu vincle amb el territori. La llavor d&#8217;aquesta diferenciaci\u00f3 \u00e9s l&#8217;aposta per les varietats aut\u00f2ctones.\u00a0La garnatxa i la carinyena, en els s\u00f2ls de Montsant, juntament amb el clima i la bona feina de viticultors i cellers, acaben configurant uns vins excel\u00b7lents.\" \/>\n<meta property=\"og:url\" content=\"https:\/\/www.consigel.com\/ca\/categoria-producte\/vinos-y-licores\/do-montsant\/\" \/>\n<meta property=\"og:site_name\" content=\"Consigel\" \/>\n<meta name=\"twitter:card\" content=\"summary_large_image\" \/>\n<script type=\"application\/ld+json\" class=\"yoast-schema-graph\">{\"@context\":\"https:\/\/schema.org\",\"@graph\":[{\"@type\":\"CollectionPage\",\"@id\":\"https:\/\/www.consigel.com\/ca\/categoria-producte\/vinos-y-licores\/do-montsant\/\",\"url\":\"https:\/\/www.consigel.com\/ca\/categoria-producte\/vinos-y-licores\/do-montsant\/\",\"name\":\"D.O. Montsant archivos - Consigel\",\"isPartOf\":{\"@id\":\"https:\/\/www.consigel.com\/ca\/#website\"},\"breadcrumb\":{\"@id\":\"https:\/\/www.consigel.com\/ca\/categoria-producte\/vinos-y-licores\/do-montsant\/#breadcrumb\"},\"inLanguage\":\"ca\"},{\"@type\":\"BreadcrumbList\",\"@id\":\"https:\/\/www.consigel.com\/ca\/categoria-producte\/vinos-y-licores\/do-montsant\/#breadcrumb\",\"itemListElement\":[{\"@type\":\"ListItem\",\"position\":1,\"name\":\"Portada\",\"item\":\"https:\/\/www.consigel.com\/ca\/\"},{\"@type\":\"ListItem\",\"position\":2,\"name\":\"D.O. Montsant\"}]},{\"@type\":\"WebSite\",\"@id\":\"https:\/\/www.consigel.com\/ca\/#website\",\"url\":\"https:\/\/www.consigel.com\/ca\/\",\"name\":\"Consigel\",\"description\":\"\",\"potentialAction\":[{\"@type\":\"SearchAction\",\"target\":{\"@type\":\"EntryPoint\",\"urlTemplate\":\"https:\/\/www.consigel.com\/ca\/?s={search_term_string}\"},\"query-input\":\"required name=search_term_string\"}],\"inLanguage\":\"ca\"}]}<\/script>\n<!-- \/ Yoast SEO plugin. -->","yoast_head_json":{"title":"D.O. Montsant archivos - Consigel","robots":{"index":"index","follow":"follow","max-snippet":"max-snippet:-1","max-image-preview":"max-image-preview:large","max-video-preview":"max-video-preview:-1"},"canonical":"https:\/\/www.consigel.com\/ca\/categoria-producte\/vinos-y-licores\/do-montsant\/","og_locale":"ca_ES","og_type":"article","og_title":"D.O. Montsant archivos - Consigel","og_description":"Qualitat, singularitat i vincle amb el territori Des de la seva creaci\u00f3 a finals de 2001, la DO Montsant i els seus cellers han hagut d&#8217;enfrontar a un gran repte: fer-se un lloc en el competitiu i exigent mercat del vi.\u00a0Ha costat i costa perqu\u00e8 \u00e9s un repte constant, que ha d&#8217;encarar mantenint-se fidel a una filosofia.\u00a0I en el territori Montsant, amb 1.900 hect\u00e0rees i una producci\u00f3 global de 5 milions d&#8217;ampolles, som fidels a la qualitat i la singularitat del producte, i al seu vincle amb el territori. La llavor d&#8217;aquesta diferenciaci\u00f3 \u00e9s l&#8217;aposta per les varietats aut\u00f2ctones.\u00a0La garnatxa i la carinyena, en els s\u00f2ls de Montsant, juntament amb el clima i la bona feina de viticultors i cellers, acaben configurant uns vins excel\u00b7lents.","og_url":"https:\/\/www.consigel.com\/ca\/categoria-producte\/vinos-y-licores\/do-montsant\/","og_site_name":"Consigel","twitter_card":"summary_large_image","schema":{"@context":"https:\/\/schema.org","@graph":[{"@type":"CollectionPage","@id":"https:\/\/www.consigel.com\/ca\/categoria-producte\/vinos-y-licores\/do-montsant\/","url":"https:\/\/www.consigel.com\/ca\/categoria-producte\/vinos-y-licores\/do-montsant\/","name":"D.O. Montsant archivos - Consigel","isPartOf":{"@id":"https:\/\/www.consigel.com\/ca\/#website"},"breadcrumb":{"@id":"https:\/\/www.consigel.com\/ca\/categoria-producte\/vinos-y-licores\/do-montsant\/#breadcrumb"},"inLanguage":"ca"},{"@type":"BreadcrumbList","@id":"https:\/\/www.consigel.com\/ca\/categoria-producte\/vinos-y-licores\/do-montsant\/#breadcrumb","itemListElement":[{"@type":"ListItem","position":1,"name":"Portada","item":"https:\/\/www.consigel.com\/ca\/"},{"@type":"ListItem","position":2,"name":"D.O. Montsant"}]},{"@type":"WebSite","@id":"https:\/\/www.consigel.com\/ca\/#website","url":"https:\/\/www.consigel.com\/ca\/","name":"Consigel","description":"","potentialAction":[{"@type":"SearchAction","target":{"@type":"EntryPoint","urlTemplate":"https:\/\/www.consigel.com\/ca\/?s={search_term_string}"},"query-input":"required name=search_term_string"}],"inLanguage":"ca"}]}},"_links":{"self":[{"href":"https:\/\/www.consigel.com\/ca\/wp-json\/wp\/v2\/product_cat\/60","targetHints":{"allow":["GET"]}}],"collection":[{"href":"https:\/\/www.consigel.com\/ca\/wp-json\/wp\/v2\/product_cat"}],"about":[{"href":"https:\/\/www.consigel.com\/ca\/wp-json\/wp\/v2\/taxonomies\/product_cat"}],"up":[{"embeddable":true,"href":"https:\/\/www.consigel.com\/ca\/wp-json\/wp\/v2\/product_cat\/19"}],"wp:post_type":[{"href":"https:\/\/www.consigel.com\/ca\/wp-json\/wp\/v2\/product?product_cat=60"}],"curies":[{"name":"wp","href":"https:\/\/api.w.org\/{rel}","templated":true}]}}